{"id":12374,"date":"2026-07-17T17:46:46","date_gmt":"2026-07-17T15:46:46","guid":{"rendered":"http:\/\/pregonero.de\/?p=12374"},"modified":"2026-07-23T09:01:54","modified_gmt":"2026-07-23T07:01:54","slug":"das-sechste-jahrtausend","status":"publish","type":"post","link":"http:\/\/pregonero.de\/?p=12374","title":{"rendered":"Das sechste Jahrtausend"},"content":{"rendered":"\n<p>Wir sehen das Mittelalter als die Epoche zwischen Antike und Neuzeit. Das Zeitalter in der Mitte wurde zum <em>Mittelalter<\/em>. Aber wie sah das Mittelalter sich selbst? Es konnte ich ja schlecht als Mittelalter sehen. Der Ausgangpunkt f\u00fcr die Zeitrechnung der Mittelalters war die Passage in der Bibel, in der es hei\u00dft, dass bei Gott 1 Tag wie 1000 Jahre ist. Da Gott die Welt in 6 Tagen erschaffen hatte, w\u00fcrde die Welt also 6000 Jahre alt werden. Diese 6000 Jahre zerfielen in 6 Weltzeitalter. Wenn man nach den Angaben in der Bibel zur\u00fcck rechnete, waren seit der Erschaffung Adams und der  Geburt Christi 5000 Jahre vergangen, also 5 Weltzeitalter.  Man befand sich also selbst im 6. Weltzeitalter, also im letzten Zeitalter vor dem Ende der Welt. Und das, so die Erwartung, w\u00fcrde mit der Wiederkehr Gottes kommen.<\/p>\n","protected":false},"excerpt":{"rendered":"<p>Wir sehen das Mittelalter als die Epoche zwischen Antike und Neuzeit. Das Zeitalter in der Mitte wurde zum Mittelalter. Aber wie sah das Mittelalter sich selbst? Es konnte ich ja schlecht als Mittelalter sehen. Der Ausgangpunkt f\u00fcr die Zeitrechnung der &hellip; <a href=\"http:\/\/pregonero.de\/?p=12374\">Continue reading <span class=\"meta-nav\">&rarr;<\/span><\/a><\/p>\n","protected":false},"author":1,"featured_media":0,"comment_status":"closed","ping_status":"open","sticky":false,"template":"","format":"standard","meta":{"footnotes":""},"categories":[696,522],"tags":[71,2723,2724],"_links":{"self":[{"href":"http:\/\/pregonero.de\/index.php?rest_route=\/wp\/v2\/posts\/12374"}],"collection":[{"href":"http:\/\/pregonero.de\/index.php?rest_route=\/wp\/v2\/posts"}],"about":[{"href":"http:\/\/pregonero.de\/index.php?rest_route=\/wp\/v2\/types\/post"}],"author":[{"embeddable":true,"href":"http:\/\/pregonero.de\/index.php?rest_route=\/wp\/v2\/users\/1"}],"replies":[{"embeddable":true,"href":"http:\/\/pregonero.de\/index.php?rest_route=%2Fwp%2Fv2%2Fcomments&post=12374"}],"version-history":[{"count":4,"href":"http:\/\/pregonero.de\/index.php?rest_route=\/wp\/v2\/posts\/12374\/revisions"}],"predecessor-version":[{"id":12420,"href":"http:\/\/pregonero.de\/index.php?rest_route=\/wp\/v2\/posts\/12374\/revisions\/12420"}],"wp:attachment":[{"href":"http:\/\/pregonero.de\/index.php?rest_route=%2Fwp%2Fv2%2Fmedia&parent=12374"}],"wp:term":[{"taxonomy":"category","embeddable":true,"href":"http:\/\/pregonero.de\/index.php?rest_route=%2Fwp%2Fv2%2Fcategories&post=12374"},{"taxonomy":"post_tag","embeddable":true,"href":"http:\/\/pregonero.de\/index.php?rest_route=%2Fwp%2Fv2%2Ftags&post=12374"}],"curies":[{"name":"wp","href":"https:\/\/api.w.org\/{rel}","templated":true}]}}