{"id":3042,"date":"2012-11-20T18:48:00","date_gmt":"2012-11-20T17:48:00","guid":{"rendered":"http:\/\/pregonero.de\/?p=3042"},"modified":"2020-06-17T19:16:33","modified_gmt":"2020-06-17T17:16:33","slug":"wiener-slang","status":"publish","type":"post","link":"http:\/\/pregonero.de\/?p=3042","title":{"rendered":"Wiener Slang?"},"content":{"rendered":"<p>Bei der Jahreshauptversammlung von Bayern M\u00fcnchen berichtete Uli Hoene\u00df von einem Gespr\u00e4ch, das er mit David Alaba gef\u00fchrt hatte und in dem es um n\u00e4chtliche Ausfl\u00fcge von Alaba in die Diskotheken M\u00fcnchens in der Begleitung von Frank Rib\u00e9ry ging. Hoene\u00df imitierte, wie Alaba, mit dem Vorwurf konfrontiert, ihm geantwortet habe. Alaba, in Wien geboren und aufgewachsen, habe gesagt &#8220;Do mus i nochdenkn&#8221;. Die Zeitungen berichteten wohlwollend, Hoene\u00df habe von Alabas <em>Wiener Dialekt <\/em>gesprochen. Tats\u00e4chlich hatte Hoene\u00df von Alabas <em>Wiener Slang<\/em> gesprochen. Nat\u00fcrlich handelte es sich weder um <em>Dialekt<\/em> noch um <em>Slang<\/em>, sondern schlicht und einfach um die Aussprache. Alaba sprach mit Wiener <em>Akzent<\/em>.<\/p>\n","protected":false},"excerpt":{"rendered":"<p>Bei der Jahreshauptversammlung von Bayern M\u00fcnchen berichtete Uli Hoene\u00df von einem Gespr\u00e4ch, das er mit David Alaba gef\u00fchrt hatte und in dem es um n\u00e4chtliche Ausfl\u00fcge von Alaba in die Diskotheken M\u00fcnchens in der Begleitung von Frank Rib\u00e9ry ging. Hoene\u00df &hellip; <a href=\"http:\/\/pregonero.de\/?p=3042\">Continue reading <span class=\"meta-nav\">&rarr;<\/span><\/a><\/p>\n","protected":false},"author":1,"featured_media":0,"comment_status":"closed","ping_status":"open","sticky":true,"template":"","format":"standard","meta":{"footnotes":""},"categories":[474,28,439],"tags":[1167,1168,1169],"_links":{"self":[{"href":"http:\/\/pregonero.de\/index.php?rest_route=\/wp\/v2\/posts\/3042"}],"collection":[{"href":"http:\/\/pregonero.de\/index.php?rest_route=\/wp\/v2\/posts"}],"about":[{"href":"http:\/\/pregonero.de\/index.php?rest_route=\/wp\/v2\/types\/post"}],"author":[{"embeddable":true,"href":"http:\/\/pregonero.de\/index.php?rest_route=\/wp\/v2\/users\/1"}],"replies":[{"embeddable":true,"href":"http:\/\/pregonero.de\/index.php?rest_route=%2Fwp%2Fv2%2Fcomments&post=3042"}],"version-history":[{"count":7,"href":"http:\/\/pregonero.de\/index.php?rest_route=\/wp\/v2\/posts\/3042\/revisions"}],"predecessor-version":[{"id":6529,"href":"http:\/\/pregonero.de\/index.php?rest_route=\/wp\/v2\/posts\/3042\/revisions\/6529"}],"wp:attachment":[{"href":"http:\/\/pregonero.de\/index.php?rest_route=%2Fwp%2Fv2%2Fmedia&parent=3042"}],"wp:term":[{"taxonomy":"category","embeddable":true,"href":"http:\/\/pregonero.de\/index.php?rest_route=%2Fwp%2Fv2%2Fcategories&post=3042"},{"taxonomy":"post_tag","embeddable":true,"href":"http:\/\/pregonero.de\/index.php?rest_route=%2Fwp%2Fv2%2Ftags&post=3042"}],"curies":[{"name":"wp","href":"https:\/\/api.w.org\/{rel}","templated":true}]}}