{"id":5403,"date":"2014-07-13T17:16:07","date_gmt":"2014-07-13T15:16:07","guid":{"rendered":"http:\/\/pregonero.de\/?p=5403"},"modified":"2020-06-17T18:29:30","modified_gmt":"2020-06-17T16:29:30","slug":"maastricht-belgien","status":"publish","type":"post","link":"http:\/\/pregonero.de\/?p=5403","title":{"rendered":"Maastricht, Belgien?"},"content":{"rendered":"<p>Wenn es zur Zeit der Gr\u00fcndung von Belgien eine Volksabstimmung gegeben h\u00e4tte, w\u00e4re Maastricht (sowie die gesamt Provinz Limburg) vermutlich zu Belgien gekommen. Es wurde aber &#8220;von oben&#8221; bestimmt, dass Maastricht bei den Niederlanden verbleiben sollte. Die Menschen in Maastricht betonen aber ihre &#8220;Andersartigkeit&#8221;: ganz im S\u00fcden gelegen, mehrheitlich katholisch, mit Karneval, einem fast s\u00fcdl\u00e4ndischen Flair und einem eigenen Dialekt. Den kann man in Maastricht f\u00f6rmlich &#8220;sehen&#8221;, n\u00e4mlich an den &#8220;zweisprachigen&#8221; Stra\u00dfenschildern in der Innenstadt. Die Maas teilt die Stadt in zwei Stadtteile, die sich durch eine herzliche Rivalit\u00e4t auszeichnen. Der &#8220;andere&#8221; Stadtteil, der am rechten Maasufer, hei\u00dft Wyck, abgeleitet vom lateinisch <em>vicus<\/em>, &#8216;Dorf&#8217;, &#8216;Bezirk&#8217;. Maastricht geh\u00f6rt zu dem Teil der heutigen Niederlande, das zum R\u00f6mischen Reich geh\u00f6rte. Der Name soll auf <em>Traiectum ad Mosam<\/em> oder <em>Mosae Traiectum <\/em>zur\u00fcckgehen<em>. <\/em>Die beiden Stadtteile werden von der Alten Br\u00fccke, der Sint-Servaas-Br\u00fcgge, verbunden. Sie wurde kurz vor der Befreiung Maastrichts im 2. Weltkrieg gesprengt und danach wieder aufgebaut, original, aber mit einer Erweiterung, von der heute die Fu\u00dfg\u00e4nger und Radfahrer profitieren. Die erste Br\u00fccke wurde von den R\u00f6mern gebaut. Sie st\u00fcrzte im 13. Jahrhundert bei einer Prozession ein. Der Heilige Servatius war der erste Bischof von Tongern. Er verlegte den Bischofssitz nach Maastricht und starb hier. Er wurde im Dom von Maastricht begraben. Dadurch wurde Maastricht zu einem der wichtigsten Wallfahrtsorte Mitteleuropas. Der Zulauf der Pilger war so gro\u00df, dass man f\u00fcr die Kleriker eine eigene, gotische Kirche gleich nebenan baute. Sie wurde sp\u00e4ter evangelisch. Die Stra\u00dfe, die die beiden Kirchen voneinander trennt, hei\u00dft <em>Vagevuur<\/em>, &#8216;Fegefeuer&#8217;. Sp\u00e4ter geh\u00f6rte die Stadt dem Bischof von L\u00fcttich und dem Herzog von Brabant gleichzeitig! Eine echte Besonderheit von Maastricht. Man sagt, das erkl\u00e4re die zweiseitige Freitreppe am Rathaus. In der Familie bestimmte jeweils die Mutter, zu welcher Herrschaft ihre Kinder geh\u00f6ren sollten!<\/p>\n","protected":false},"excerpt":{"rendered":"<p>Wenn es zur Zeit der Gr\u00fcndung von Belgien eine Volksabstimmung gegeben h\u00e4tte, w\u00e4re Maastricht (sowie die gesamt Provinz Limburg) vermutlich zu Belgien gekommen. Es wurde aber &#8220;von oben&#8221; bestimmt, dass Maastricht bei den Niederlanden verbleiben sollte. Die Menschen in Maastricht &hellip; <a href=\"http:\/\/pregonero.de\/?p=5403\">Continue reading <span class=\"meta-nav\">&rarr;<\/span><\/a><\/p>\n","protected":false},"author":1,"featured_media":0,"comment_status":"closed","ping_status":"open","sticky":true,"template":"","format":"standard","meta":{"footnotes":""},"categories":[120,696,647,28,1543],"tags":[1940,1943,1942,1944,1037,50,1945,1939,1941],"_links":{"self":[{"href":"http:\/\/pregonero.de\/index.php?rest_route=\/wp\/v2\/posts\/5403"}],"collection":[{"href":"http:\/\/pregonero.de\/index.php?rest_route=\/wp\/v2\/posts"}],"about":[{"href":"http:\/\/pregonero.de\/index.php?rest_route=\/wp\/v2\/types\/post"}],"author":[{"embeddable":true,"href":"http:\/\/pregonero.de\/index.php?rest_route=\/wp\/v2\/users\/1"}],"replies":[{"embeddable":true,"href":"http:\/\/pregonero.de\/index.php?rest_route=%2Fwp%2Fv2%2Fcomments&post=5403"}],"version-history":[{"count":12,"href":"http:\/\/pregonero.de\/index.php?rest_route=\/wp\/v2\/posts\/5403\/revisions"}],"predecessor-version":[{"id":6959,"href":"http:\/\/pregonero.de\/index.php?rest_route=\/wp\/v2\/posts\/5403\/revisions\/6959"}],"wp:attachment":[{"href":"http:\/\/pregonero.de\/index.php?rest_route=%2Fwp%2Fv2%2Fmedia&parent=5403"}],"wp:term":[{"taxonomy":"category","embeddable":true,"href":"http:\/\/pregonero.de\/index.php?rest_route=%2Fwp%2Fv2%2Fcategories&post=5403"},{"taxonomy":"post_tag","embeddable":true,"href":"http:\/\/pregonero.de\/index.php?rest_route=%2Fwp%2Fv2%2Ftags&post=5403"}],"curies":[{"name":"wp","href":"https:\/\/api.w.org\/{rel}","templated":true}]}}